{"id":5,"name":"Raquel Garcia","url":"http:\/\/Evans","description":"","link":"https:\/\/fero.org\/ca\/author\/squizzo\/","slug":"squizzo","avatar_urls":{"24":"https:\/\/secure.gravatar.com\/avatar\/011d2d61027227a4fb731984b85ca38759007dce9c50d69d728478167dd6a46b?s=24&d=mm&r=g","48":"https:\/\/secure.gravatar.com\/avatar\/011d2d61027227a4fb731984b85ca38759007dce9c50d69d728478167dd6a46b?s=48&d=mm&r=g","96":"https:\/\/secure.gravatar.com\/avatar\/011d2d61027227a4fb731984b85ca38759007dce9c50d69d728478167dd6a46b?s=96&d=mm&r=g"},"meta":[],"yoast_head":"<!-- This site is optimized with the Yoast SEO plugin v27.5 - https:\/\/yoast.com\/product\/yoast-seo-wordpress\/ -->\n<title>Raquel Garcia, autor en Fundaci\u00f3n Fero<\/title>\n<meta name=\"robots\" content=\"index, follow, max-snippet:-1, max-image-preview:large, max-video-preview:-1\" \/>\n<link rel=\"canonical\" href=\"https:\/\/fero.org\/ca\/author\/squizzo\/\" \/>\n<meta property=\"og:locale\" content=\"ca_ES\" \/>\n<meta property=\"og:type\" content=\"profile\" \/>\n<meta property=\"og:title\" content=\"Raquel Garcia, autor en Fundaci\u00f3n Fero\" \/>\n<meta property=\"og:url\" content=\"https:\/\/fero.org\/ca\/author\/squizzo\/\" \/>\n<meta property=\"og:site_name\" content=\"Fundaci\u00f3n Fero\" \/>\n<meta property=\"og:image\" content=\"https:\/\/secure.gravatar.com\/avatar\/011d2d61027227a4fb731984b85ca38759007dce9c50d69d728478167dd6a46b?s=500&d=mm&r=g\" \/>\n<meta name=\"twitter:card\" content=\"summary_large_image\" \/>\n<meta name=\"twitter:site\" content=\"@FundacionFero\" \/>\n<script type=\"application\/ld+json\" class=\"yoast-schema-graph\">{\"@context\":\"https:\\\/\\\/schema.org\",\"@graph\":[{\"@type\":\"ProfilePage\",\"@id\":\"https:\\\/\\\/fero.org\\\/ca\\\/author\\\/squizzo\\\/\",\"url\":\"https:\\\/\\\/fero.org\\\/ca\\\/author\\\/squizzo\\\/\",\"name\":\"Raquel Garcia, autor en Fundaci\u00f3n Fero\",\"isPartOf\":{\"@id\":\"https:\\\/\\\/fero.org\\\/ca\\\/#website\"},\"breadcrumb\":{\"@id\":\"https:\\\/\\\/fero.org\\\/ca\\\/author\\\/squizzo\\\/#breadcrumb\"},\"inLanguage\":\"ca\",\"potentialAction\":[{\"@type\":\"ReadAction\",\"target\":[\"https:\\\/\\\/fero.org\\\/ca\\\/author\\\/squizzo\\\/\"]}]},{\"@type\":\"BreadcrumbList\",\"@id\":\"https:\\\/\\\/fero.org\\\/ca\\\/author\\\/squizzo\\\/#breadcrumb\",\"itemListElement\":[{\"@type\":\"ListItem\",\"position\":1,\"name\":\"Portada\",\"item\":\"https:\\\/\\\/fero.org\\\/ca\\\/\"},{\"@type\":\"ListItem\",\"position\":2,\"name\":\"Archivo de Raquel Garcia\"}]},{\"@type\":\"WebSite\",\"@id\":\"https:\\\/\\\/fero.org\\\/ca\\\/#website\",\"url\":\"https:\\\/\\\/fero.org\\\/ca\\\/\",\"name\":\"Fundaci\u00f3n Fero\",\"description\":\"fundaci\u00f3n privada dedicada a la investigaci\u00f3n oncol\u00f3gica\",\"potentialAction\":[{\"@type\":\"SearchAction\",\"target\":{\"@type\":\"EntryPoint\",\"urlTemplate\":\"https:\\\/\\\/fero.org\\\/ca\\\/?s={search_term_string}\"},\"query-input\":{\"@type\":\"PropertyValueSpecification\",\"valueRequired\":true,\"valueName\":\"search_term_string\"}}],\"inLanguage\":\"ca\"},{\"@type\":\"Person\",\"@id\":\"https:\\\/\\\/fero.org\\\/ca\\\/#\\\/schema\\\/person\\\/ec6e616db27c07142a358710629cf02e\",\"name\":\"Raquel Garcia\",\"image\":{\"@type\":\"ImageObject\",\"inLanguage\":\"ca\",\"@id\":\"https:\\\/\\\/secure.gravatar.com\\\/avatar\\\/011d2d61027227a4fb731984b85ca38759007dce9c50d69d728478167dd6a46b?s=96&d=mm&r=g\",\"url\":\"https:\\\/\\\/secure.gravatar.com\\\/avatar\\\/011d2d61027227a4fb731984b85ca38759007dce9c50d69d728478167dd6a46b?s=96&d=mm&r=g\",\"contentUrl\":\"https:\\\/\\\/secure.gravatar.com\\\/avatar\\\/011d2d61027227a4fb731984b85ca38759007dce9c50d69d728478167dd6a46b?s=96&d=mm&r=g\",\"caption\":\"Raquel Garcia\"},\"sameAs\":[\"http:\\\/\\\/Evans\"],\"mainEntityOfPage\":{\"@id\":\"https:\\\/\\\/fero.org\\\/ca\\\/author\\\/squizzo\\\/\"}}]}<\/script>\n<!-- \/ Yoast SEO plugin. -->","yoast_head_json":{"title":"Raquel Garcia, autor en Fundaci\u00f3n Fero","robots":{"index":"index","follow":"follow","max-snippet":"max-snippet:-1","max-image-preview":"max-image-preview:large","max-video-preview":"max-video-preview:-1"},"canonical":"https:\/\/fero.org\/ca\/author\/squizzo\/","og_locale":"ca_ES","og_type":"profile","og_title":"Raquel Garcia, autor en Fundaci\u00f3n Fero","og_url":"https:\/\/fero.org\/ca\/author\/squizzo\/","og_site_name":"Fundaci\u00f3n Fero","og_image":[{"url":"https:\/\/secure.gravatar.com\/avatar\/011d2d61027227a4fb731984b85ca38759007dce9c50d69d728478167dd6a46b?s=500&d=mm&r=g","type":"","width":"","height":""}],"twitter_card":"summary_large_image","twitter_site":"@FundacionFero","schema":{"@context":"https:\/\/schema.org","@graph":[{"@type":"ProfilePage","@id":"https:\/\/fero.org\/ca\/author\/squizzo\/","url":"https:\/\/fero.org\/ca\/author\/squizzo\/","name":"Raquel Garcia, autor en Fundaci\u00f3n Fero","isPartOf":{"@id":"https:\/\/fero.org\/ca\/#website"},"breadcrumb":{"@id":"https:\/\/fero.org\/ca\/author\/squizzo\/#breadcrumb"},"inLanguage":"ca","potentialAction":[{"@type":"ReadAction","target":["https:\/\/fero.org\/ca\/author\/squizzo\/"]}]},{"@type":"BreadcrumbList","@id":"https:\/\/fero.org\/ca\/author\/squizzo\/#breadcrumb","itemListElement":[{"@type":"ListItem","position":1,"name":"Portada","item":"https:\/\/fero.org\/ca\/"},{"@type":"ListItem","position":2,"name":"Archivo de Raquel Garcia"}]},{"@type":"WebSite","@id":"https:\/\/fero.org\/ca\/#website","url":"https:\/\/fero.org\/ca\/","name":"Fundaci\u00f3n Fero","description":"fundaci\u00f3n privada dedicada a la investigaci\u00f3n oncol\u00f3gica","potentialAction":[{"@type":"SearchAction","target":{"@type":"EntryPoint","urlTemplate":"https:\/\/fero.org\/ca\/?s={search_term_string}"},"query-input":{"@type":"PropertyValueSpecification","valueRequired":true,"valueName":"search_term_string"}}],"inLanguage":"ca"},{"@type":"Person","@id":"https:\/\/fero.org\/ca\/#\/schema\/person\/ec6e616db27c07142a358710629cf02e","name":"Raquel Garcia","image":{"@type":"ImageObject","inLanguage":"ca","@id":"https:\/\/secure.gravatar.com\/avatar\/011d2d61027227a4fb731984b85ca38759007dce9c50d69d728478167dd6a46b?s=96&d=mm&r=g","url":"https:\/\/secure.gravatar.com\/avatar\/011d2d61027227a4fb731984b85ca38759007dce9c50d69d728478167dd6a46b?s=96&d=mm&r=g","contentUrl":"https:\/\/secure.gravatar.com\/avatar\/011d2d61027227a4fb731984b85ca38759007dce9c50d69d728478167dd6a46b?s=96&d=mm&r=g","caption":"Raquel Garcia"},"sameAs":["http:\/\/Evans"],"mainEntityOfPage":{"@id":"https:\/\/fero.org\/ca\/author\/squizzo\/"}}]}},"_links":{"self":[{"href":"https:\/\/fero.org\/ca\/wp-json\/wp\/v2\/users\/5","targetHints":{"allow":["GET"]}}],"collection":[{"href":"https:\/\/fero.org\/ca\/wp-json\/wp\/v2\/users"}]}}